{"id":1852,"date":"2019-05-03T18:42:29","date_gmt":"2019-05-03T18:42:29","guid":{"rendered":"https:\/\/www.fafard.ca\/how-to-store-your-herbs\/"},"modified":"2026-02-27T17:03:46","modified_gmt":"2026-02-27T17:03:46","slug":"comment-conserver-vos-fines-herbes","status":"publish","type":"post","link":"https:\/\/www.fafard.ca\/fr\/trucs-de-jardinage\/potager\/comment-conserver-vos-fines-herbes\/","title":{"rendered":"Comment conserver vos fines herbes"},"content":{"rendered":"<p><span style=\"font-weight: 400;\">Vous avez des fines herbes en abondance, voici quelques id\u00e9es pour les conserver et ainsi profiter de leurs parfums toute l\u2019ann\u00e9e.<\/span><\/p>\n<h2><strong>2 modes de conservation:<\/strong><\/h2>\n<p><span style=\"font-weight: 400;\">Vous pouvez s\u00e9cher les fines herbes aux micro-ondes ou les congeler. Oui, s\u00e9cher aux micro-ondes! Cependant, proc\u00e9dez avec prudence, car quelques secondes de trop et les herbes sont cuites!<\/span><span style=\"font-weight: 400;\"><br \/>\n<\/span><span style=\"font-weight: 400;\"><br \/>\n<\/span><strong>S\u00e9cher aux micro-ondes<\/strong><span style=\"font-weight: 400;\"><br \/>\n<\/span><\/p>\n<ul>\n<li><span style=\"font-weight: 400;\">Nettoyez et s\u00e9chez les fines herbes <\/span><\/li>\n<li><span style=\"font-weight: 400;\">\u00c9tendez-les en une seule couche entre deux essuie-tout<\/span><\/li>\n<li><span style=\"font-weight: 400;\">Placez-les aux micro-ondes pendant environ 90 secondes \u00e0 temp\u00e9rature \u00e9lev\u00e9e<\/span><\/li>\n<li><span style=\"font-weight: 400;\">Tournez le tout et continuez par intervalles de 30 secondes, jusqu\u2019\u00e0 ce que les fines herbes soient s\u00e8ches et cassantes<\/span><\/li>\n<li><span style=\"font-weight: 400;\">Placez-les dans des bocaux<\/span><\/li>\n<\/ul>\n<h3><strong>Cong\u00e9lation<\/strong><\/h3>\n<ul>\n<li><span style=\"font-weight: 400;\">Lavez les herbes et ass\u00e9chez avec un essuie-tout<\/span><\/li>\n<li><span style=\"font-weight: 400;\">Hachez-les finement<\/span><\/li>\n<li><span style=\"font-weight: 400;\">R\u00e9partissez les herbes, sans les tasser, dans des sacs \u00e0 cong\u00e9lation<\/span><\/li>\n<li><span style=\"font-weight: 400;\">Identifiez et datez <\/span><\/li>\n<li><span style=\"font-weight: 400;\">Congeler<\/span><\/li>\n<\/ul>\n<h2><strong>Utilisez-les \u00e0 toutes les sauces<\/strong><\/h2>\n<p><span style=\"font-weight: 400;\">Cisel\u00e9es, hach\u00e9es, d\u00e9chir\u00e9es ou enti\u00e8res, les fines herbes garnissent et rehaussent gr\u00e2ce \u00e0 leurs ar\u00f4mes n\u2019importe quels plats, boissons\u2026 et m\u00eame les desserts! \u00a0Voici quelques associations inusit\u00e9es.<\/span><\/p>\n<ul>\n<li><span style=\"font-weight: 400;\">Confiture de fraises et basilic ou bleuets, \u00e9rable, romarin<\/span><\/li>\n<li><span style=\"font-weight: 400;\">Pina Colada aux ananas, aneth ciboulette et menthe<\/span><\/li>\n<li><span style=\"font-weight: 400;\">G\u00e2teau au citron et thym <\/span><\/li>\n<li><span style=\"font-weight: 400;\">Muffin aux abricots et thym<\/span><\/li>\n<\/ul>\n<p><img loading=\"lazy\" decoding=\"async\" class=\"alignnone wp-image-1848 size-large\" src=\"https:\/\/www.fafard.ca\/wp-content\/uploads\/2019\/05\/iStock-102772455-700x1050.jpg\" alt=\"strawberry jam\" width=\"683\" height=\"1024\" srcset=\"https:\/\/www.fafard.ca\/wp-content\/uploads\/2019\/05\/iStock-102772455-700x1050.jpg 700w, https:\/\/www.fafard.ca\/wp-content\/uploads\/2019\/05\/iStock-102772455-250x375.jpg 250w, https:\/\/www.fafard.ca\/wp-content\/uploads\/2019\/05\/iStock-102772455-768x1152.jpg 768w, https:\/\/www.fafard.ca\/wp-content\/uploads\/2019\/05\/iStock-102772455-120x180.jpg 120w, https:\/\/www.fafard.ca\/wp-content\/uploads\/2019\/05\/iStock-102772455-2000x3000.jpg 2000w, https:\/\/www.fafard.ca\/wp-content\/uploads\/2019\/05\/iStock-102772455-200x300.jpg 200w\" sizes=\"(max-width: 683px) 100vw, 683px\" \/><\/p>\n","protected":false},"excerpt":{"rendered":"Vous avez des fines herbes en abondance, voici quelques id\u00e9es pour les conserver et ainsi profiter de leurs parfums toute l\u2019ann\u00e9e. 2 modes de conservation: Vous pouvez s\u00e9cher les fines herbes aux micro-ondes ou les congeler. Oui, s\u00e9cher aux micro-ondes! Cependant, proc\u00e9dez avec prudence, car quelques secondes de trop et les herbes sont cuites! S\u00e9cher&#8230;","protected":false},"author":1,"featured_media":2635,"comment_status":"closed","ping_status":"closed","sticky":false,"template":"","format":"standard","meta":{"_acf_changed":false,"footnotes":""},"categories":[79],"tags":[108,109],"class_list":["post-1852","post","type-post","status-publish","format-standard","has-post-thumbnail","hentry","category-potager","tag-aout","tag-septembre"],"acf":[],"yoast_head":"<!-- This site is optimized with the Yoast SEO plugin v26.7 - https:\/\/yoast.com\/wordpress\/plugins\/seo\/ -->\n<title>Comment conserver vos fines herbes - Scotts Fafard<\/title>\n<meta name=\"description\" content=\"Votre potager a \u00e9t\u00e9 tr\u00e8s productif et vous ne savez plus quoi faire avec vos surplus de fines herbes? Voici quelques trucs de conservation et autres id\u00e9es d\u2019utilisation\" \/>\n<meta name=\"robots\" content=\"index, follow, max-snippet:-1, max-image-preview:large, max-video-preview:-1\" \/>\n<link rel=\"canonical\" href=\"https:\/\/www.fafard.ca\/fr\/gardening-tips\/potager\/comment-conserver-vos-fines-herbes\/\" \/>\n<meta property=\"og:locale\" content=\"fr_CA\" \/>\n<meta property=\"og:type\" content=\"article\" \/>\n<meta property=\"og:title\" content=\"Comment conserver vos fines herbes - Scotts Fafard\" \/>\n<meta property=\"og:description\" content=\"Votre potager a \u00e9t\u00e9 tr\u00e8s productif et vous ne savez plus quoi faire avec vos surplus de fines herbes? Voici quelques trucs de conservation et autres id\u00e9es d\u2019utilisation\" \/>\n<meta property=\"og:url\" content=\"https:\/\/www.fafard.ca\/fr\/gardening-tips\/potager\/comment-conserver-vos-fines-herbes\/\" \/>\n<meta property=\"og:site_name\" content=\"Scotts Fafard\" \/>\n<meta property=\"article:published_time\" content=\"2019-05-03T18:42:29+00:00\" \/>\n<meta property=\"article:modified_time\" content=\"2026-02-27T17:03:46+00:00\" \/>\n<meta property=\"og:image\" content=\"https:\/\/www.fafard.ca\/wp-content\/uploads\/2019\/05\/cover-shutterstock_425982781.jpg\" \/>\n\t<meta property=\"og:image:width\" content=\"2500\" \/>\n\t<meta property=\"og:image:height\" content=\"1269\" \/>\n\t<meta property=\"og:image:type\" content=\"image\/jpeg\" \/>\n<meta name=\"author\" content=\"info@simplistics.ca\" \/>\n<meta name=\"twitter:card\" content=\"summary_large_image\" \/>\n<meta name=\"twitter:image\" content=\"https:\/\/www.fafard.ca\/wp-content\/uploads\/2019\/05\/cover-shutterstock_425982781.jpg\" \/>\n<meta name=\"twitter:label1\" content=\"\u00c9crit par\" \/>\n\t<meta name=\"twitter:data1\" content=\"info@simplistics.ca\" \/>\n\t<meta name=\"twitter:label2\" content=\"Estimation du temps de lecture\" \/>\n\t<meta name=\"twitter:data2\" content=\"2 minutes\" \/>\n<script type=\"application\/ld+json\" class=\"yoast-schema-graph\">{\"@context\":\"https:\/\/schema.org\",\"@graph\":[{\"@type\":\"Article\",\"@id\":\"https:\/\/www.fafard.ca\/fr\/gardening-tips\/potager\/comment-conserver-vos-fines-herbes\/#article\",\"isPartOf\":{\"@id\":\"https:\/\/www.fafard.ca\/fr\/gardening-tips\/potager\/comment-conserver-vos-fines-herbes\/\"},\"author\":{\"name\":\"info@simplistics.ca\",\"@id\":\"https:\/\/www.fafard.ca\/#\/schema\/person\/bd50c0281eda42cf2770e56cc55da90c\"},\"headline\":\"Comment conserver vos fines herbes\",\"datePublished\":\"2019-05-03T18:42:29+00:00\",\"dateModified\":\"2026-02-27T17:03:46+00:00\",\"mainEntityOfPage\":{\"@id\":\"https:\/\/www.fafard.ca\/fr\/gardening-tips\/potager\/comment-conserver-vos-fines-herbes\/\"},\"wordCount\":214,\"image\":{\"@id\":\"https:\/\/www.fafard.ca\/fr\/gardening-tips\/potager\/comment-conserver-vos-fines-herbes\/#primaryimage\"},\"thumbnailUrl\":\"https:\/\/www.fafard.ca\/wp-content\/uploads\/2019\/05\/cover-fines-herbes.jpg\",\"keywords\":[\"Ao\u00fbt\",\"Septembre\"],\"articleSection\":[\"Potager\"],\"inLanguage\":\"fr-CA\"},{\"@type\":\"WebPage\",\"@id\":\"https:\/\/www.fafard.ca\/fr\/gardening-tips\/potager\/comment-conserver-vos-fines-herbes\/\",\"url\":\"https:\/\/www.fafard.ca\/fr\/gardening-tips\/potager\/comment-conserver-vos-fines-herbes\/\",\"name\":\"Comment conserver vos fines herbes - Scotts Fafard\",\"isPartOf\":{\"@id\":\"https:\/\/www.fafard.ca\/#website\"},\"primaryImageOfPage\":{\"@id\":\"https:\/\/www.fafard.ca\/fr\/gardening-tips\/potager\/comment-conserver-vos-fines-herbes\/#primaryimage\"},\"image\":{\"@id\":\"https:\/\/www.fafard.ca\/fr\/gardening-tips\/potager\/comment-conserver-vos-fines-herbes\/#primaryimage\"},\"thumbnailUrl\":\"https:\/\/www.fafard.ca\/wp-content\/uploads\/2019\/05\/cover-fines-herbes.jpg\",\"datePublished\":\"2019-05-03T18:42:29+00:00\",\"dateModified\":\"2026-02-27T17:03:46+00:00\",\"author\":{\"@id\":\"https:\/\/www.fafard.ca\/#\/schema\/person\/bd50c0281eda42cf2770e56cc55da90c\"},\"description\":\"Votre potager a \u00e9t\u00e9 tr\u00e8s productif et vous ne savez plus quoi faire avec vos surplus de fines herbes? Voici quelques trucs de conservation et autres id\u00e9es d\u2019utilisation\",\"breadcrumb\":{\"@id\":\"https:\/\/www.fafard.ca\/fr\/gardening-tips\/potager\/comment-conserver-vos-fines-herbes\/#breadcrumb\"},\"inLanguage\":\"fr-CA\",\"potentialAction\":[{\"@type\":\"ReadAction\",\"target\":[\"https:\/\/www.fafard.ca\/fr\/gardening-tips\/potager\/comment-conserver-vos-fines-herbes\/\"]}]},{\"@type\":\"ImageObject\",\"inLanguage\":\"fr-CA\",\"@id\":\"https:\/\/www.fafard.ca\/fr\/gardening-tips\/potager\/comment-conserver-vos-fines-herbes\/#primaryimage\",\"url\":\"https:\/\/www.fafard.ca\/wp-content\/uploads\/2019\/05\/cover-fines-herbes.jpg\",\"contentUrl\":\"https:\/\/www.fafard.ca\/wp-content\/uploads\/2019\/05\/cover-fines-herbes.jpg\",\"width\":1912,\"height\":1269},{\"@type\":\"BreadcrumbList\",\"@id\":\"https:\/\/www.fafard.ca\/fr\/gardening-tips\/potager\/comment-conserver-vos-fines-herbes\/#breadcrumb\",\"itemListElement\":[{\"@type\":\"ListItem\",\"position\":1,\"name\":\"Home\",\"item\":\"https:\/\/www.fafard.ca\/fr\/\"},{\"@type\":\"ListItem\",\"position\":2,\"name\":\"Comment conserver vos fines herbes\"}]},{\"@type\":\"WebSite\",\"@id\":\"https:\/\/www.fafard.ca\/#website\",\"url\":\"https:\/\/www.fafard.ca\/\",\"name\":\"Scotts Fafard\",\"description\":\"Since 1940, the Fafard brand has risen to hold an enviable position in the horticulture industry.\",\"potentialAction\":[{\"@type\":\"SearchAction\",\"target\":{\"@type\":\"EntryPoint\",\"urlTemplate\":\"https:\/\/www.fafard.ca\/?s={search_term_string}\"},\"query-input\":{\"@type\":\"PropertyValueSpecification\",\"valueRequired\":true,\"valueName\":\"search_term_string\"}}],\"inLanguage\":\"fr-CA\"},{\"@type\":\"Person\",\"@id\":\"https:\/\/www.fafard.ca\/#\/schema\/person\/bd50c0281eda42cf2770e56cc55da90c\",\"name\":\"info@simplistics.ca\",\"image\":{\"@type\":\"ImageObject\",\"inLanguage\":\"fr-CA\",\"@id\":\"https:\/\/www.fafard.ca\/#\/schema\/person\/image\/\",\"url\":\"https:\/\/secure.gravatar.com\/avatar\/a6485cc1666224b2636519570ba1ade373f568430d60513db846a2bb95b9703a?s=96&d=mm&r=g\",\"contentUrl\":\"https:\/\/secure.gravatar.com\/avatar\/a6485cc1666224b2636519570ba1ade373f568430d60513db846a2bb95b9703a?s=96&d=mm&r=g\",\"caption\":\"info@simplistics.ca\"}}]}<\/script>\n<!-- \/ Yoast SEO plugin. -->","yoast_head_json":{"title":"Comment conserver vos fines herbes - Scotts Fafard","description":"Votre potager a \u00e9t\u00e9 tr\u00e8s productif et vous ne savez plus quoi faire avec vos surplus de fines herbes? Voici quelques trucs de conservation et autres id\u00e9es d\u2019utilisation","robots":{"index":"index","follow":"follow","max-snippet":"max-snippet:-1","max-image-preview":"max-image-preview:large","max-video-preview":"max-video-preview:-1"},"canonical":"https:\/\/www.fafard.ca\/fr\/gardening-tips\/potager\/comment-conserver-vos-fines-herbes\/","og_locale":"fr_CA","og_type":"article","og_title":"Comment conserver vos fines herbes - Scotts Fafard","og_description":"Votre potager a \u00e9t\u00e9 tr\u00e8s productif et vous ne savez plus quoi faire avec vos surplus de fines herbes? Voici quelques trucs de conservation et autres id\u00e9es d\u2019utilisation","og_url":"https:\/\/www.fafard.ca\/fr\/gardening-tips\/potager\/comment-conserver-vos-fines-herbes\/","og_site_name":"Scotts Fafard","article_published_time":"2019-05-03T18:42:29+00:00","article_modified_time":"2026-02-27T17:03:46+00:00","og_image":[{"width":2500,"height":1269,"url":"https:\/\/www.fafard.ca\/wp-content\/uploads\/2019\/05\/cover-shutterstock_425982781.jpg","type":"image\/jpeg"}],"author":"info@simplistics.ca","twitter_card":"summary_large_image","twitter_image":"https:\/\/www.fafard.ca\/wp-content\/uploads\/2019\/05\/cover-shutterstock_425982781.jpg","twitter_misc":{"\u00c9crit par":"info@simplistics.ca","Estimation du temps de lecture":"2 minutes"},"schema":{"@context":"https:\/\/schema.org","@graph":[{"@type":"Article","@id":"https:\/\/www.fafard.ca\/fr\/gardening-tips\/potager\/comment-conserver-vos-fines-herbes\/#article","isPartOf":{"@id":"https:\/\/www.fafard.ca\/fr\/gardening-tips\/potager\/comment-conserver-vos-fines-herbes\/"},"author":{"name":"info@simplistics.ca","@id":"https:\/\/www.fafard.ca\/#\/schema\/person\/bd50c0281eda42cf2770e56cc55da90c"},"headline":"Comment conserver vos fines herbes","datePublished":"2019-05-03T18:42:29+00:00","dateModified":"2026-02-27T17:03:46+00:00","mainEntityOfPage":{"@id":"https:\/\/www.fafard.ca\/fr\/gardening-tips\/potager\/comment-conserver-vos-fines-herbes\/"},"wordCount":214,"image":{"@id":"https:\/\/www.fafard.ca\/fr\/gardening-tips\/potager\/comment-conserver-vos-fines-herbes\/#primaryimage"},"thumbnailUrl":"https:\/\/www.fafard.ca\/wp-content\/uploads\/2019\/05\/cover-fines-herbes.jpg","keywords":["Ao\u00fbt","Septembre"],"articleSection":["Potager"],"inLanguage":"fr-CA"},{"@type":"WebPage","@id":"https:\/\/www.fafard.ca\/fr\/gardening-tips\/potager\/comment-conserver-vos-fines-herbes\/","url":"https:\/\/www.fafard.ca\/fr\/gardening-tips\/potager\/comment-conserver-vos-fines-herbes\/","name":"Comment conserver vos fines herbes - Scotts Fafard","isPartOf":{"@id":"https:\/\/www.fafard.ca\/#website"},"primaryImageOfPage":{"@id":"https:\/\/www.fafard.ca\/fr\/gardening-tips\/potager\/comment-conserver-vos-fines-herbes\/#primaryimage"},"image":{"@id":"https:\/\/www.fafard.ca\/fr\/gardening-tips\/potager\/comment-conserver-vos-fines-herbes\/#primaryimage"},"thumbnailUrl":"https:\/\/www.fafard.ca\/wp-content\/uploads\/2019\/05\/cover-fines-herbes.jpg","datePublished":"2019-05-03T18:42:29+00:00","dateModified":"2026-02-27T17:03:46+00:00","author":{"@id":"https:\/\/www.fafard.ca\/#\/schema\/person\/bd50c0281eda42cf2770e56cc55da90c"},"description":"Votre potager a \u00e9t\u00e9 tr\u00e8s productif et vous ne savez plus quoi faire avec vos surplus de fines herbes? Voici quelques trucs de conservation et autres id\u00e9es d\u2019utilisation","breadcrumb":{"@id":"https:\/\/www.fafard.ca\/fr\/gardening-tips\/potager\/comment-conserver-vos-fines-herbes\/#breadcrumb"},"inLanguage":"fr-CA","potentialAction":[{"@type":"ReadAction","target":["https:\/\/www.fafard.ca\/fr\/gardening-tips\/potager\/comment-conserver-vos-fines-herbes\/"]}]},{"@type":"ImageObject","inLanguage":"fr-CA","@id":"https:\/\/www.fafard.ca\/fr\/gardening-tips\/potager\/comment-conserver-vos-fines-herbes\/#primaryimage","url":"https:\/\/www.fafard.ca\/wp-content\/uploads\/2019\/05\/cover-fines-herbes.jpg","contentUrl":"https:\/\/www.fafard.ca\/wp-content\/uploads\/2019\/05\/cover-fines-herbes.jpg","width":1912,"height":1269},{"@type":"BreadcrumbList","@id":"https:\/\/www.fafard.ca\/fr\/gardening-tips\/potager\/comment-conserver-vos-fines-herbes\/#breadcrumb","itemListElement":[{"@type":"ListItem","position":1,"name":"Home","item":"https:\/\/www.fafard.ca\/fr\/"},{"@type":"ListItem","position":2,"name":"Comment conserver vos fines herbes"}]},{"@type":"WebSite","@id":"https:\/\/www.fafard.ca\/#website","url":"https:\/\/www.fafard.ca\/","name":"Scotts Fafard","description":"Since 1940, the Fafard brand has risen to hold an enviable position in the horticulture industry.","potentialAction":[{"@type":"SearchAction","target":{"@type":"EntryPoint","urlTemplate":"https:\/\/www.fafard.ca\/?s={search_term_string}"},"query-input":{"@type":"PropertyValueSpecification","valueRequired":true,"valueName":"search_term_string"}}],"inLanguage":"fr-CA"},{"@type":"Person","@id":"https:\/\/www.fafard.ca\/#\/schema\/person\/bd50c0281eda42cf2770e56cc55da90c","name":"info@simplistics.ca","image":{"@type":"ImageObject","inLanguage":"fr-CA","@id":"https:\/\/www.fafard.ca\/#\/schema\/person\/image\/","url":"https:\/\/secure.gravatar.com\/avatar\/a6485cc1666224b2636519570ba1ade373f568430d60513db846a2bb95b9703a?s=96&d=mm&r=g","contentUrl":"https:\/\/secure.gravatar.com\/avatar\/a6485cc1666224b2636519570ba1ade373f568430d60513db846a2bb95b9703a?s=96&d=mm&r=g","caption":"info@simplistics.ca"}}]}},"_links":{"self":[{"href":"https:\/\/www.fafard.ca\/fr\/wp-json\/wp\/v2\/posts\/1852","targetHints":{"allow":["GET"]}}],"collection":[{"href":"https:\/\/www.fafard.ca\/fr\/wp-json\/wp\/v2\/posts"}],"about":[{"href":"https:\/\/www.fafard.ca\/fr\/wp-json\/wp\/v2\/types\/post"}],"author":[{"embeddable":true,"href":"https:\/\/www.fafard.ca\/fr\/wp-json\/wp\/v2\/users\/1"}],"replies":[{"embeddable":true,"href":"https:\/\/www.fafard.ca\/fr\/wp-json\/wp\/v2\/comments?post=1852"}],"version-history":[{"count":9,"href":"https:\/\/www.fafard.ca\/fr\/wp-json\/wp\/v2\/posts\/1852\/revisions"}],"predecessor-version":[{"id":8180,"href":"https:\/\/www.fafard.ca\/fr\/wp-json\/wp\/v2\/posts\/1852\/revisions\/8180"}],"wp:featuredmedia":[{"embeddable":true,"href":"https:\/\/www.fafard.ca\/fr\/wp-json\/wp\/v2\/media\/2635"}],"wp:attachment":[{"href":"https:\/\/www.fafard.ca\/fr\/wp-json\/wp\/v2\/media?parent=1852"}],"wp:term":[{"taxonomy":"category","embeddable":true,"href":"https:\/\/www.fafard.ca\/fr\/wp-json\/wp\/v2\/categories?post=1852"},{"taxonomy":"post_tag","embeddable":true,"href":"https:\/\/www.fafard.ca\/fr\/wp-json\/wp\/v2\/tags?post=1852"}],"curies":[{"name":"wp","href":"https:\/\/api.w.org\/{rel}","templated":true}]}}