{"id":4060,"date":"2024-09-01T08:00:32","date_gmt":"2024-09-01T08:00:32","guid":{"rendered":"https:\/\/www.fafard.ca\/?p=4060"},"modified":"2026-02-27T17:03:37","modified_gmt":"2026-02-27T17:03:37","slug":"quand-et-comment-planter-lail-au-potager","status":"publish","type":"post","link":"https:\/\/www.fafard.ca\/fr\/trucs-de-jardinage\/potager\/quand-et-comment-planter-lail-au-potager\/","title":{"rendered":"Quand et comment planter l\u2019ail au potager?"},"content":{"rendered":"<p>Saviez-vous que l\u2019ail est un antibiotique naturel et qu\u2019il offre plusieurs bienfaits pour la sant\u00e9? En effet, il est reconnu pour renforcer le syst\u00e8me immunitaire, lutter contre les bact\u00e9ries et agir comme anticoagulant. De plus, l\u2019ail fait partie de la cat\u00e9gorie des aliments dits \u00ab umami \u00bb, c\u2019est-\u00e0-dire qui poss\u00e8de une saveur qui persiste en bouche (et qui en fait saliver plus d\u2019un). Qu\u2019il soit cuit ou cru, il rehausse le go\u00fbt de nombreux plats du quotidien. Il n\u2019est pas \u00e9tonnant qu\u2019on ait envie de faire pousser de l\u2019ail chez soi pour profiter de ses vertus et de ses succulents atouts. Nous vous proposons donc de d\u00e9couvrir tous les secrets d\u2019une plantation d\u2019ail r\u00e9ussie qui vous permettra de r\u00e9colter une tonne de d\u00e9licieux bulbes.<\/p>\n<p><strong><em>\u00a0<\/em><\/strong><\/p>\n<p style=\"text-align: center;\"><span style=\"color: #008000;\"><b><i>___________________________________________________________________________<\/i><\/b><\/span><\/p>\n<p style=\"text-align: center;\"><span style=\"color: #008000;\"><strong><em>FAIT INT\u00c9RESSANT !<\/em><\/strong><\/span><\/p>\n<p><em>Connaissez-vous l\u2019ail noir? Tr\u00e8s tendance et surtout tr\u00e8s pris\u00e9 par les grands chefs, son go\u00fbt est plus sucr\u00e9 et acidul\u00e9, mais tout aussi d\u00e9licieux et sa texture moelleuse s\u2019apparente \u00e0 celle des fruits confits. En fait, l\u2019ail noir n\u2019est nul autre que le r\u00e9sultat d\u2019un long processus de maturation des gousses de l\u2019ail blanc. Les t\u00eates d\u2019ail sont d\u2019abord brunies \u00e0 basse temp\u00e9rature pendant quatre \u00e0 six semaines, dans un endroit ferm\u00e9 \u00e0 une temp\u00e9rature et un taux d\u2019humidit\u00e9 bien pr\u00e9cis. On les laisse ensuite s\u00e9cher pendant plusieurs mois. La qualit\u00e9 de l\u2019ail noir d\u00e9pendra surtout de la dur\u00e9e du vieillissement et de la qualit\u00e9 des conditions de maturation.<\/em><\/p>\n<p style=\"text-align: center;\"><span style=\"color: #008000;\"><b><i>___________________________________________________________________________<\/i><\/b><\/span><\/p>\n<p>&nbsp;<\/p>\n<p><span style=\"color: #008000;\"><strong>Quand planter l\u2019ail : \u00e0 l\u2019automne ou au printemps?<\/strong><\/span><\/p>\n<p>Il faut savoir que l\u2019ail est une plante vivace qui se cultive comme une annuelle. Il suffit de planter des gousses, aussi appel\u00e9es ca\u00efeux d\u2019ail, \u00e0 l\u2019automne (de la mi-septembre \u00e0 la fin octobre) pour r\u00e9colter les bulbes l\u2019\u00e9t\u00e9 suivant.<\/p>\n<p>La plantation de l\u2019ail \u00e0 l\u2019automne permet aux bulbes de d\u00e9velopper un bon syst\u00e8me racinaire juste avant l\u2019hiver. Ceci correspond \u00e0 son cycle de croissance naturel et assure un d\u00e9part en force le printemps suivant.<\/p>\n<p>Bien que la plantation \u00e0 l\u2019automne soit la meilleure option, il est \u00e9galement possible de planter l\u2019ail tr\u00e8s t\u00f4t au printemps. Les gousses devront toutefois \u00eatre mises en terre en avril ou en mai au plus tard, sans quoi vous risquez de retarder la croissance des bulbes et vos plants n\u2019auront pas le temps de produire suffisamment de feuillage avant le solstice.<\/p>\n<p><span style=\"color: #008000;\"><strong>O\u00f9 planter l\u2019ail?<\/strong><\/span><\/p>\n<ul>\n<li>Dans un emplacement orient\u00e9 plein soleil.<\/li>\n<li>Dans un endroit \u00e0 l\u2019abri du vent.<\/li>\n<li>Dans un sol fertile et bien drain\u00e9, car un niveau d\u2019humidit\u00e9 trop \u00e9lev\u00e9 ou l\u2019eau stagnante risquent de faire pourrir les gousses et les bulbes.<\/li>\n<\/ul>\n<p>&nbsp;<\/p>\n<p><span style=\"color: #008000;\"><strong>Conseils pour r\u00e9ussir sa plantation d\u2019ail<\/strong><\/span><\/p>\n<p><img loading=\"lazy\" decoding=\"async\" class=\"alignnone wp-image-4063\" src=\"https:\/\/www.fafard.ca\/wp-content\/uploads\/2020\/09\/shutterstock_1050689219-250x167.jpg\" alt=\"\" width=\"602\" height=\"402\" srcset=\"https:\/\/www.fafard.ca\/wp-content\/uploads\/2020\/09\/shutterstock_1050689219-250x167.jpg 250w, https:\/\/www.fafard.ca\/wp-content\/uploads\/2020\/09\/shutterstock_1050689219-768x512.jpg 768w, https:\/\/www.fafard.ca\/wp-content\/uploads\/2020\/09\/shutterstock_1050689219-700x467.jpg 700w, https:\/\/www.fafard.ca\/wp-content\/uploads\/2020\/09\/shutterstock_1050689219-120x80.jpg 120w, https:\/\/www.fafard.ca\/wp-content\/uploads\/2020\/09\/shutterstock_1050689219-2000x1333.jpg 2000w, https:\/\/www.fafard.ca\/wp-content\/uploads\/2020\/09\/shutterstock_1050689219-450x300.jpg 450w, https:\/\/www.fafard.ca\/wp-content\/uploads\/2020\/09\/shutterstock_1050689219-200x133.jpg 200w, https:\/\/www.fafard.ca\/wp-content\/uploads\/2020\/09\/shutterstock_1050689219-750x500.jpg 750w\" sizes=\"(max-width: 602px) 100vw, 602px\" \/><\/p>\n<p><strong>\u00a0<\/strong><\/p>\n<p><strong>\u00c0 l\u2019automne\u00a0:<\/strong><\/p>\n<p><strong>\u00a0 \u00a0 1.Choisir les bulbes<\/strong><\/p>\n<p><img loading=\"lazy\" decoding=\"async\" class=\"alignnone wp-image-7724 size-full\" src=\"https:\/\/www.fafard.ca\/wp-content\/uploads\/2024\/09\/ail-au-potager.jpg\" alt=\"\" width=\"1920\" height=\"1080\" srcset=\"https:\/\/www.fafard.ca\/wp-content\/uploads\/2024\/09\/ail-au-potager.jpg 1920w, https:\/\/www.fafard.ca\/wp-content\/uploads\/2024\/09\/ail-au-potager-250x141.jpg 250w, https:\/\/www.fafard.ca\/wp-content\/uploads\/2024\/09\/ail-au-potager-700x394.jpg 700w, https:\/\/www.fafard.ca\/wp-content\/uploads\/2024\/09\/ail-au-potager-768x432.jpg 768w, https:\/\/www.fafard.ca\/wp-content\/uploads\/2024\/09\/ail-au-potager-1536x864.jpg 1536w, https:\/\/www.fafard.ca\/wp-content\/uploads\/2024\/09\/ail-au-potager-120x68.jpg 120w, https:\/\/www.fafard.ca\/wp-content\/uploads\/2024\/09\/ail-au-potager-533x300.jpg 533w, https:\/\/www.fafard.ca\/wp-content\/uploads\/2024\/09\/ail-au-potager-200x113.jpg 200w, https:\/\/www.fafard.ca\/wp-content\/uploads\/2024\/09\/ail-au-potager-889x500.jpg 889w\" sizes=\"(max-width: 1920px) 100vw, 1920px\" \/><\/p>\n<p>La premi\u00e8re chose \u00e0 faire est de s\u00e9lectionner des bulbes d\u2019ail de qualit\u00e9. Vous pouvez opter pour des bulbes que vous avez vous-m\u00eame fait pousser ou vous procurer des vari\u00e9t\u00e9s dans les march\u00e9s publics, les jardineries ou les producteurs locaux. Il est pr\u00e9f\u00e9rable d\u2019\u00e9viter de planter l\u2019ail achet\u00e9 en \u00e9picerie puisque ces bulbes peuvent avoir subi un traitement pour emp\u00eacher la germination lors de l\u2019entreposage. Choisissez \u00e9galement de gros bulbes en sant\u00e9 (fermes et sans taches ni maladies) pour assurer une r\u00e9colte tout aussi productive.<\/p>\n<p><strong>\u00a0 \u00a0 2.Pr\u00e9parer le sol<\/strong><\/p>\n<p>Commencez par ajouter une g\u00e9n\u00e9reuse quantit\u00e9 de <a href=\"https:\/\/www.fafard.ca\/fr\/produits\/composts-et-fumiers\/compost-biosol-fumier-composte-avec-tourbe-algues-crustaces\/\" target=\"_blank\" rel=\"noopener noreferrer\"><strong><u>Compost Biosol<\/u><\/strong><\/a> au sol existant pour favoriser le d\u00e9veloppement des racines et enrichir le sol. Formez de petites buttes de terre d\u2019environ 15 cm (6 po) de hauteur pour favoriser le drainage et \u00e9viter que les bulbes ne pourrissent.<\/p>\n<p><strong>\u00a0 \u00a0 3.Planter les gousses<\/strong><\/p>\n<p><img loading=\"lazy\" decoding=\"async\" class=\"alignnone wp-image-7728 size-full\" src=\"https:\/\/www.fafard.ca\/wp-content\/uploads\/2024\/09\/plantation-ail.jpg\" alt=\"\" width=\"1920\" height=\"1080\" srcset=\"https:\/\/www.fafard.ca\/wp-content\/uploads\/2024\/09\/plantation-ail.jpg 1920w, https:\/\/www.fafard.ca\/wp-content\/uploads\/2024\/09\/plantation-ail-250x141.jpg 250w, https:\/\/www.fafard.ca\/wp-content\/uploads\/2024\/09\/plantation-ail-700x394.jpg 700w, https:\/\/www.fafard.ca\/wp-content\/uploads\/2024\/09\/plantation-ail-768x432.jpg 768w, https:\/\/www.fafard.ca\/wp-content\/uploads\/2024\/09\/plantation-ail-1536x864.jpg 1536w, https:\/\/www.fafard.ca\/wp-content\/uploads\/2024\/09\/plantation-ail-120x68.jpg 120w, https:\/\/www.fafard.ca\/wp-content\/uploads\/2024\/09\/plantation-ail-533x300.jpg 533w, https:\/\/www.fafard.ca\/wp-content\/uploads\/2024\/09\/plantation-ail-200x113.jpg 200w, https:\/\/www.fafard.ca\/wp-content\/uploads\/2024\/09\/plantation-ail-889x500.jpg 889w\" sizes=\"(max-width: 1920px) 100vw, 1920px\" \/><\/p>\n<p>D\u00e9tachez d\u00e9licatement les gousses en prenant soin de ne pas en ab\u00eemer la base (l\u00e0 o\u00f9 elles s\u2019attachent \u00e0 la t\u00eate d\u2019ail). Si la base est ab\u00eem\u00e9e, l\u2019ail ne poussera malheureusement pas.<\/p>\n<p>Plantez chaque gousse s\u00e9par\u00e9ment dans un trou ayant entre 5 et 7,5 cm (2 \u00e0 3 po) de profondeur en prenant bien soin de positionner la pointe vers le haut. Laissez un espace de 10 \u00e0 15 cm (6 \u00e0 8 po) entre chacune d\u2019elles et un espace de 35 \u00e0 45 cm (15 \u00e0 18 po) entre les rangs.<\/p>\n<p><strong>\u00a0 \u00a0 4.Recouvrir avec du <a href=\"https:\/\/www.fafard.ca\/fr\/products-category\/paillis\/\" target=\"_blank\" rel=\"noopener noreferrer\"><u>paillis de c\u00e8dre<\/u>\u00a0<\/a><\/strong><\/p>\n<p>Appliquez 7 \u00e0 10 cm (3 \u00e0 4 po) de paillis sur votre plantation d\u2019ail apr\u00e8s les premiers gels pour assurer une bonne protection hivernale.<\/p>\n<p><strong>\u00a0 \u00a0 5.\u00c9viter de trop arroser<\/strong><\/p>\n<p>Il est inutile d\u2019arroser \u00e0 la plantation. Les gousses nouvellement plant\u00e9es se contentent habituellement de l\u2019humidit\u00e9 contenue dans le sol durant l\u2019hiver. Un arrosage excessif risquerait de les faire pourrir.<\/p>\n<p><strong>Au printemps\u00a0:<\/strong><\/p>\n<p><strong>\u00a0 1. Retirer le paillis <\/strong><\/p>\n<p>De la mi-mars \u00e0 la mi-avril, les jeunes pousses se pointent le bout du nez. C\u2019est le moment de retirer le paillis afin que le sol se r\u00e9chauffe.<\/p>\n<p><strong>\u00a0 \u00a02. Arroser<\/strong><\/p>\n<p><img loading=\"lazy\" decoding=\"async\" class=\"alignnone wp-image-7726 size-full\" src=\"https:\/\/www.fafard.ca\/wp-content\/uploads\/2024\/09\/arrosage-ail.jpg\" alt=\"\" width=\"1920\" height=\"1080\" srcset=\"https:\/\/www.fafard.ca\/wp-content\/uploads\/2024\/09\/arrosage-ail.jpg 1920w, https:\/\/www.fafard.ca\/wp-content\/uploads\/2024\/09\/arrosage-ail-250x141.jpg 250w, https:\/\/www.fafard.ca\/wp-content\/uploads\/2024\/09\/arrosage-ail-700x394.jpg 700w, https:\/\/www.fafard.ca\/wp-content\/uploads\/2024\/09\/arrosage-ail-768x432.jpg 768w, https:\/\/www.fafard.ca\/wp-content\/uploads\/2024\/09\/arrosage-ail-1536x864.jpg 1536w, https:\/\/www.fafard.ca\/wp-content\/uploads\/2024\/09\/arrosage-ail-120x68.jpg 120w, https:\/\/www.fafard.ca\/wp-content\/uploads\/2024\/09\/arrosage-ail-533x300.jpg 533w, https:\/\/www.fafard.ca\/wp-content\/uploads\/2024\/09\/arrosage-ail-200x113.jpg 200w, https:\/\/www.fafard.ca\/wp-content\/uploads\/2024\/09\/arrosage-ail-889x500.jpg 889w\" sizes=\"(max-width: 1920px) 100vw, 1920px\" \/><\/p>\n<p>\u00c0 la fonte de la neige, il faut absolument \u00e9viter que l\u2019eau ne s\u2019accumule autour des plants d\u2019ail. Vous pouvez donc creuser de petites tranch\u00e9es pour permettre un bon drainage.<\/p>\n<p>Pendant la croissance du feuillage en mai et juin, l\u2019ail ne doit pas manquer d\u2019eau. Vous devrez donc arroser r\u00e9guli\u00e8rement en cas d\u2019absence de pluie. Il faudra ensuite graduellement r\u00e9duire l\u2019arrosage \u00e0 la hausse des temp\u00e9ratures afin de favoriser le m\u00fbrissement des t\u00eates d\u2019ail. Arr\u00eatez compl\u00e8tement d\u2019arroser une fois que les tiges commencent \u00e0 plier.<\/p>\n<p><strong>\u00a0 \u00a03. Fertiliser<\/strong><\/p>\n<p>Lorsque la temp\u00e9rature se r\u00e9chauffe, ajoutez de <a href=\"https:\/\/www.fafard.ca\/fr\/produits\/engrais\/engrais-jardin\/engrais-a-base-de-fumier-de-poule-potager-urbain\/\" target=\"_blank\" rel=\"noopener noreferrer\"><strong><u>l\u2019engrais naturel pour potager urbain 4-3-7<\/u><\/strong><\/a> \u00e0 la base des plants pour favoriser une croissance vigoureuse. Appliquez-en \u00e0 nouveau aux trois \u00e0 quatre semaines. Cessez la fertilisation vers la mi-juillet pour ne pas nuire \u00e0 la conservation des bulbes.<\/p>\n<p><strong><br \/>\n<\/strong><span style=\"color: #008000;\"><strong>Et la fleur d\u2019ail dans tout \u00e7a ?<\/strong><\/span><\/p>\n<p><img loading=\"lazy\" decoding=\"async\" class=\"alignnone wp-image-4098\" src=\"https:\/\/www.fafard.ca\/wp-content\/uploads\/2020\/09\/fleur-dail-250x167.jpg\" alt=\"\" width=\"599\" height=\"400\" srcset=\"https:\/\/www.fafard.ca\/wp-content\/uploads\/2020\/09\/fleur-dail-250x167.jpg 250w, https:\/\/www.fafard.ca\/wp-content\/uploads\/2020\/09\/fleur-dail-768x512.jpg 768w, https:\/\/www.fafard.ca\/wp-content\/uploads\/2020\/09\/fleur-dail-700x467.jpg 700w, https:\/\/www.fafard.ca\/wp-content\/uploads\/2020\/09\/fleur-dail-120x80.jpg 120w, https:\/\/www.fafard.ca\/wp-content\/uploads\/2020\/09\/fleur-dail-2000x1333.jpg 2000w, https:\/\/www.fafard.ca\/wp-content\/uploads\/2020\/09\/fleur-dail-450x300.jpg 450w, https:\/\/www.fafard.ca\/wp-content\/uploads\/2020\/09\/fleur-dail-200x133.jpg 200w, https:\/\/www.fafard.ca\/wp-content\/uploads\/2020\/09\/fleur-dail-750x500.jpg 750w\" sizes=\"(max-width: 599px) 100vw, 599px\" \/><\/p>\n<p>&nbsp;<\/p>\n<p>\u00c0 la mi-juin, le feuillage cesse de cro\u00eetre et laisse la place \u00e0 de magnifiques tiges boucl\u00e9es accompagn\u00e9es de petits boutons floraux que l\u2019on appelle fleur d\u2019ail. C\u2019est \u00e0 ce moment que d\u00e9bute la premi\u00e8re phase de la r\u00e9colte. Deux choix s\u2019offrent \u00e0 vous :<\/p>\n<ul>\n<li><strong>Laisser jaunir les tiges et les nouer <\/strong><\/li>\n<\/ul>\n<p>Le fait de nouer les tiges permet d\u2019arr\u00eater leur d\u00e9veloppement et concentrer la s\u00e8ve dans les bulbes afin d\u2019optimiser leur croissance.<\/p>\n<ul>\n<li><strong>Couper les tiges pour les ajouter \u00e0 vos recettes.<\/strong><\/li>\n<\/ul>\n<p>Nous coupons la fleur d\u2019ail vers la fin juin lorsque les tiges sont encore tendres et qu\u2019elles ont fait deux tours sur elles-m\u00eames. Bien s\u00fbr, vous pouvez \u00e9galement la couper lorsqu\u2019elle a fait seulement un tour, mais si vous patientez un peu, vous en aurez plus pour votre argent! Pour la r\u00e9colter, il suffit de la couper juste avant le d\u00e9but des feuilles, soit \u00e0 la base de sa tige. Si vous tardez trop, en juillet, la fleur d\u2019ail sera alors plus coriace et donc moins agr\u00e9able \u00e0 manger.<\/p>\n<p>La fleur d\u2019ail est plus facile \u00e0 dig\u00e9rer que les gousses et son go\u00fbt est beaucoup plus d\u00e9licat. La consommation de la fleur d\u2019ail se compare \u00e0 celle d\u2019un l\u00e9gume. On peut donc la manger crue, \u00e0 la vapeur, saut\u00e9e, en pesto ou encore la congeler.<\/p>\n<p>&nbsp;<\/p>\n<p><span style=\"color: #008000;\"><strong>Quand et comment r\u00e9colter les bulbes d\u2019ail?<\/strong><\/span><\/p>\n<p><strong><img loading=\"lazy\" decoding=\"async\" class=\"alignnone wp-image-4067\" src=\"https:\/\/www.fafard.ca\/wp-content\/uploads\/2020\/09\/shutterstock_1764565640-250x155.jpg\" alt=\"\" width=\"600\" height=\"372\" srcset=\"https:\/\/www.fafard.ca\/wp-content\/uploads\/2020\/09\/shutterstock_1764565640-250x155.jpg 250w, https:\/\/www.fafard.ca\/wp-content\/uploads\/2020\/09\/shutterstock_1764565640-768x476.jpg 768w, https:\/\/www.fafard.ca\/wp-content\/uploads\/2020\/09\/shutterstock_1764565640-700x434.jpg 700w, https:\/\/www.fafard.ca\/wp-content\/uploads\/2020\/09\/shutterstock_1764565640-120x74.jpg 120w, https:\/\/www.fafard.ca\/wp-content\/uploads\/2020\/09\/shutterstock_1764565640-2000x1239.jpg 2000w, https:\/\/www.fafard.ca\/wp-content\/uploads\/2020\/09\/shutterstock_1764565640-484x300.jpg 484w, https:\/\/www.fafard.ca\/wp-content\/uploads\/2020\/09\/shutterstock_1764565640-200x124.jpg 200w, https:\/\/www.fafard.ca\/wp-content\/uploads\/2020\/09\/shutterstock_1764565640-807x500.jpg 807w\" sizes=\"(max-width: 600px) 100vw, 600px\" \/>\u00a0<\/strong><\/p>\n<p>\u00c0 la fin juillet, soit quatre \u00e0 cinq semaines apr\u00e8s la r\u00e9colte de la fleur d\u2019ail, lorsque la moiti\u00e9 des feuilles du bas sont jaunies, mais que celles du haut sont encore vertes, r\u00e9coltez les bulbes d\u00e9licatement \u00e0 l\u2019aide d\u2019une b\u00eache ou tout simplement avec vos mains. Retirez ensuite l\u2019exc\u00e9dent de terre, puis suspendez ou entreposez les plants sur un grillage dans un endroit sec, bien ventil\u00e9 et \u00e0 l\u2019abri du soleil. Laissez-les s\u00e9cher pendant trois \u00e0 quatre semaines. Une fois la p\u00e9riode de s\u00e9chage termin\u00e9e, coupez les tiges 5 \u00e0 7 cm (2 \u00e0 3 po) au-dessus du bulbe ainsi que les racines. Finalement, placez votre r\u00e9colte dans un endroit sombre et a\u00e9r\u00e9 et elle se conservera pendant plusieurs mois.<\/p>\n<p>La plantation de l\u2019ail n\u2019a maintenant plus de secrets pour vous. Allez hop! Profitez des derniers moments de jardinage ext\u00e9rieur pour planter de l\u2019ail dans votre potager. Pour encore plus d\u2019articles sur le jardinage, d\u00e9couvrez notre section <a href=\"https:\/\/www.fafard.ca\/fr\/trucs-de-jardinage\/\" target=\"_blank\" rel=\"noopener noreferrer\"><u>Trucs de jardinage <\/u><\/a>et suivez-nous sur les <a href=\"https:\/\/www.facebook.com\/fafardcanada\" target=\"_blank\" rel=\"noopener noreferrer\">r\u00e9seaux sociaux<\/a>.<\/p>\n<p>&nbsp;<\/p>\n<p>Bon jardinage!<\/p>\n","protected":false},"excerpt":{"rendered":"Saviez-vous que l\u2019ail est un antibiotique naturel et qu\u2019il offre plusieurs bienfaits pour la sant\u00e9? En effet, il est reconnu pour renforcer le syst\u00e8me immunitaire, lutter contre les bact\u00e9ries et agir comme anticoagulant. De plus, l\u2019ail fait partie de la cat\u00e9gorie des aliments dits \u00ab umami \u00bb, c\u2019est-\u00e0-dire qui poss\u00e8de une saveur qui persiste en&#8230;","protected":false},"author":5,"featured_media":4061,"comment_status":"open","ping_status":"open","sticky":false,"template":"","format":"standard","meta":{"_acf_changed":false,"footnotes":""},"categories":[79],"tags":[109,110],"class_list":["post-4060","post","type-post","status-publish","format-standard","has-post-thumbnail","hentry","category-potager","tag-septembre","tag-octobre"],"acf":[],"yoast_head":"<!-- This site is optimized with the Yoast SEO plugin v26.7 - https:\/\/yoast.com\/wordpress\/plugins\/seo\/ -->\n<title>Quand et comment planter de l\u2019ail en pleine terre - Scotts Fafard<\/title>\n<meta name=\"description\" content=\"Faire pousser et r\u00e9colter des bulbes d\u2019ail, c\u2019est facile! D\u00e9couvrez nos astuces pour une plantation d\u2019ail r\u00e9ussie \u00e0 l\u2019automne comme au printemps.\" \/>\n<meta name=\"robots\" content=\"index, follow, max-snippet:-1, max-image-preview:large, max-video-preview:-1\" \/>\n<link rel=\"canonical\" href=\"https:\/\/www.fafard.ca\/fr\/trucs-de-jardinage\/potager\/quand-et-comment-planter-lail-au-potager\/\" \/>\n<meta property=\"og:locale\" content=\"fr_CA\" \/>\n<meta property=\"og:type\" content=\"article\" \/>\n<meta property=\"og:title\" content=\"Quand et comment planter de l\u2019ail en pleine terre - Scotts Fafard\" \/>\n<meta property=\"og:description\" content=\"Faire pousser et r\u00e9colter des bulbes d\u2019ail, c\u2019est facile! D\u00e9couvrez nos astuces pour une plantation d\u2019ail r\u00e9ussie \u00e0 l\u2019automne comme au printemps.\" \/>\n<meta property=\"og:url\" content=\"https:\/\/www.fafard.ca\/fr\/trucs-de-jardinage\/potager\/quand-et-comment-planter-lail-au-potager\/\" \/>\n<meta property=\"og:site_name\" content=\"Scotts Fafard\" \/>\n<meta property=\"article:published_time\" content=\"2024-09-01T08:00:32+00:00\" \/>\n<meta property=\"article:modified_time\" content=\"2026-02-27T17:03:37+00:00\" \/>\n<meta property=\"og:image\" content=\"https:\/\/www.fafard.ca\/wp-content\/uploads\/2020\/09\/shutterstock_647022685-700x467.jpg\" \/>\n\t<meta property=\"og:image:width\" content=\"700\" \/>\n\t<meta property=\"og:image:height\" content=\"467\" \/>\n\t<meta property=\"og:image:type\" content=\"image\/jpeg\" \/>\n<meta name=\"author\" content=\"Genevi\u00e8ve Roy\" \/>\n<meta name=\"twitter:card\" content=\"summary_large_image\" \/>\n<meta name=\"twitter:image\" content=\"https:\/\/www.fafard.ca\/wp-content\/uploads\/2020\/09\/shutterstock_647022685.jpg\" \/>\n<meta name=\"twitter:label1\" content=\"\u00c9crit par\" \/>\n\t<meta name=\"twitter:data1\" content=\"Genevi\u00e8ve Roy\" \/>\n\t<meta name=\"twitter:label2\" content=\"Estimation du temps de lecture\" \/>\n\t<meta name=\"twitter:data2\" content=\"8 minutes\" \/>\n<script type=\"application\/ld+json\" class=\"yoast-schema-graph\">{\"@context\":\"https:\/\/schema.org\",\"@graph\":[{\"@type\":\"Article\",\"@id\":\"https:\/\/www.fafard.ca\/fr\/trucs-de-jardinage\/potager\/quand-et-comment-planter-lail-au-potager\/#article\",\"isPartOf\":{\"@id\":\"https:\/\/www.fafard.ca\/fr\/trucs-de-jardinage\/potager\/quand-et-comment-planter-lail-au-potager\/\"},\"author\":{\"name\":\"Genevi\u00e8ve Roy\",\"@id\":\"https:\/\/www.fafard.ca\/#\/schema\/person\/d554fcb3f050be5a65c75e8b48e02613\"},\"headline\":\"Quand et comment planter l\u2019ail au potager?\",\"datePublished\":\"2024-09-01T08:00:32+00:00\",\"dateModified\":\"2026-02-27T17:03:37+00:00\",\"mainEntityOfPage\":{\"@id\":\"https:\/\/www.fafard.ca\/fr\/trucs-de-jardinage\/potager\/quand-et-comment-planter-lail-au-potager\/\"},\"wordCount\":1425,\"commentCount\":0,\"image\":{\"@id\":\"https:\/\/www.fafard.ca\/fr\/trucs-de-jardinage\/potager\/quand-et-comment-planter-lail-au-potager\/#primaryimage\"},\"thumbnailUrl\":\"https:\/\/www.fafard.ca\/wp-content\/uploads\/2020\/09\/shutterstock_647022685.jpg\",\"keywords\":[\"Septembre\",\"Octobre\"],\"articleSection\":[\"Potager\"],\"inLanguage\":\"fr-CA\",\"potentialAction\":[{\"@type\":\"CommentAction\",\"name\":\"Comment\",\"target\":[\"https:\/\/www.fafard.ca\/fr\/trucs-de-jardinage\/potager\/quand-et-comment-planter-lail-au-potager\/#respond\"]}]},{\"@type\":\"WebPage\",\"@id\":\"https:\/\/www.fafard.ca\/fr\/trucs-de-jardinage\/potager\/quand-et-comment-planter-lail-au-potager\/\",\"url\":\"https:\/\/www.fafard.ca\/fr\/trucs-de-jardinage\/potager\/quand-et-comment-planter-lail-au-potager\/\",\"name\":\"Quand et comment planter de l\u2019ail en pleine terre - Scotts Fafard\",\"isPartOf\":{\"@id\":\"https:\/\/www.fafard.ca\/#website\"},\"primaryImageOfPage\":{\"@id\":\"https:\/\/www.fafard.ca\/fr\/trucs-de-jardinage\/potager\/quand-et-comment-planter-lail-au-potager\/#primaryimage\"},\"image\":{\"@id\":\"https:\/\/www.fafard.ca\/fr\/trucs-de-jardinage\/potager\/quand-et-comment-planter-lail-au-potager\/#primaryimage\"},\"thumbnailUrl\":\"https:\/\/www.fafard.ca\/wp-content\/uploads\/2020\/09\/shutterstock_647022685.jpg\",\"datePublished\":\"2024-09-01T08:00:32+00:00\",\"dateModified\":\"2026-02-27T17:03:37+00:00\",\"author\":{\"@id\":\"https:\/\/www.fafard.ca\/#\/schema\/person\/d554fcb3f050be5a65c75e8b48e02613\"},\"description\":\"Faire pousser et r\u00e9colter des bulbes d\u2019ail, c\u2019est facile! D\u00e9couvrez nos astuces pour une plantation d\u2019ail r\u00e9ussie \u00e0 l\u2019automne comme au printemps.\",\"breadcrumb\":{\"@id\":\"https:\/\/www.fafard.ca\/fr\/trucs-de-jardinage\/potager\/quand-et-comment-planter-lail-au-potager\/#breadcrumb\"},\"inLanguage\":\"fr-CA\",\"potentialAction\":[{\"@type\":\"ReadAction\",\"target\":[\"https:\/\/www.fafard.ca\/fr\/trucs-de-jardinage\/potager\/quand-et-comment-planter-lail-au-potager\/\"]}]},{\"@type\":\"ImageObject\",\"inLanguage\":\"fr-CA\",\"@id\":\"https:\/\/www.fafard.ca\/fr\/trucs-de-jardinage\/potager\/quand-et-comment-planter-lail-au-potager\/#primaryimage\",\"url\":\"https:\/\/www.fafard.ca\/wp-content\/uploads\/2020\/09\/shutterstock_647022685.jpg\",\"contentUrl\":\"https:\/\/www.fafard.ca\/wp-content\/uploads\/2020\/09\/shutterstock_647022685.jpg\",\"width\":4368,\"height\":2912},{\"@type\":\"BreadcrumbList\",\"@id\":\"https:\/\/www.fafard.ca\/fr\/trucs-de-jardinage\/potager\/quand-et-comment-planter-lail-au-potager\/#breadcrumb\",\"itemListElement\":[{\"@type\":\"ListItem\",\"position\":1,\"name\":\"Home\",\"item\":\"https:\/\/www.fafard.ca\/fr\/\"},{\"@type\":\"ListItem\",\"position\":2,\"name\":\"Quand et comment planter l\u2019ail au potager?\"}]},{\"@type\":\"WebSite\",\"@id\":\"https:\/\/www.fafard.ca\/#website\",\"url\":\"https:\/\/www.fafard.ca\/\",\"name\":\"Scotts Fafard\",\"description\":\"Since 1940, the Fafard brand has risen to hold an enviable position in the horticulture industry.\",\"potentialAction\":[{\"@type\":\"SearchAction\",\"target\":{\"@type\":\"EntryPoint\",\"urlTemplate\":\"https:\/\/www.fafard.ca\/?s={search_term_string}\"},\"query-input\":{\"@type\":\"PropertyValueSpecification\",\"valueRequired\":true,\"valueName\":\"search_term_string\"}}],\"inLanguage\":\"fr-CA\"},{\"@type\":\"Person\",\"@id\":\"https:\/\/www.fafard.ca\/#\/schema\/person\/d554fcb3f050be5a65c75e8b48e02613\",\"name\":\"Genevi\u00e8ve Roy\",\"image\":{\"@type\":\"ImageObject\",\"inLanguage\":\"fr-CA\",\"@id\":\"https:\/\/www.fafard.ca\/#\/schema\/person\/image\/\",\"url\":\"https:\/\/secure.gravatar.com\/avatar\/bee073cc893f87f3e88a6971a04126807aded54afce7b95aa30b3d0b53f458b8?s=96&d=mm&r=g\",\"contentUrl\":\"https:\/\/secure.gravatar.com\/avatar\/bee073cc893f87f3e88a6971a04126807aded54afce7b95aa30b3d0b53f458b8?s=96&d=mm&r=g\",\"caption\":\"Genevi\u00e8ve Roy\"}}]}<\/script>\n<!-- \/ Yoast SEO plugin. -->","yoast_head_json":{"title":"Quand et comment planter de l\u2019ail en pleine terre - Scotts Fafard","description":"Faire pousser et r\u00e9colter des bulbes d\u2019ail, c\u2019est facile! D\u00e9couvrez nos astuces pour une plantation d\u2019ail r\u00e9ussie \u00e0 l\u2019automne comme au printemps.","robots":{"index":"index","follow":"follow","max-snippet":"max-snippet:-1","max-image-preview":"max-image-preview:large","max-video-preview":"max-video-preview:-1"},"canonical":"https:\/\/www.fafard.ca\/fr\/trucs-de-jardinage\/potager\/quand-et-comment-planter-lail-au-potager\/","og_locale":"fr_CA","og_type":"article","og_title":"Quand et comment planter de l\u2019ail en pleine terre - Scotts Fafard","og_description":"Faire pousser et r\u00e9colter des bulbes d\u2019ail, c\u2019est facile! D\u00e9couvrez nos astuces pour une plantation d\u2019ail r\u00e9ussie \u00e0 l\u2019automne comme au printemps.","og_url":"https:\/\/www.fafard.ca\/fr\/trucs-de-jardinage\/potager\/quand-et-comment-planter-lail-au-potager\/","og_site_name":"Scotts Fafard","article_published_time":"2024-09-01T08:00:32+00:00","article_modified_time":"2026-02-27T17:03:37+00:00","og_image":[{"width":700,"height":467,"url":"https:\/\/www.fafard.ca\/wp-content\/uploads\/2020\/09\/shutterstock_647022685-700x467.jpg","type":"image\/jpeg"}],"author":"Genevi\u00e8ve Roy","twitter_card":"summary_large_image","twitter_image":"https:\/\/www.fafard.ca\/wp-content\/uploads\/2020\/09\/shutterstock_647022685.jpg","twitter_misc":{"\u00c9crit par":"Genevi\u00e8ve Roy","Estimation du temps de lecture":"8 minutes"},"schema":{"@context":"https:\/\/schema.org","@graph":[{"@type":"Article","@id":"https:\/\/www.fafard.ca\/fr\/trucs-de-jardinage\/potager\/quand-et-comment-planter-lail-au-potager\/#article","isPartOf":{"@id":"https:\/\/www.fafard.ca\/fr\/trucs-de-jardinage\/potager\/quand-et-comment-planter-lail-au-potager\/"},"author":{"name":"Genevi\u00e8ve Roy","@id":"https:\/\/www.fafard.ca\/#\/schema\/person\/d554fcb3f050be5a65c75e8b48e02613"},"headline":"Quand et comment planter l\u2019ail au potager?","datePublished":"2024-09-01T08:00:32+00:00","dateModified":"2026-02-27T17:03:37+00:00","mainEntityOfPage":{"@id":"https:\/\/www.fafard.ca\/fr\/trucs-de-jardinage\/potager\/quand-et-comment-planter-lail-au-potager\/"},"wordCount":1425,"commentCount":0,"image":{"@id":"https:\/\/www.fafard.ca\/fr\/trucs-de-jardinage\/potager\/quand-et-comment-planter-lail-au-potager\/#primaryimage"},"thumbnailUrl":"https:\/\/www.fafard.ca\/wp-content\/uploads\/2020\/09\/shutterstock_647022685.jpg","keywords":["Septembre","Octobre"],"articleSection":["Potager"],"inLanguage":"fr-CA","potentialAction":[{"@type":"CommentAction","name":"Comment","target":["https:\/\/www.fafard.ca\/fr\/trucs-de-jardinage\/potager\/quand-et-comment-planter-lail-au-potager\/#respond"]}]},{"@type":"WebPage","@id":"https:\/\/www.fafard.ca\/fr\/trucs-de-jardinage\/potager\/quand-et-comment-planter-lail-au-potager\/","url":"https:\/\/www.fafard.ca\/fr\/trucs-de-jardinage\/potager\/quand-et-comment-planter-lail-au-potager\/","name":"Quand et comment planter de l\u2019ail en pleine terre - Scotts Fafard","isPartOf":{"@id":"https:\/\/www.fafard.ca\/#website"},"primaryImageOfPage":{"@id":"https:\/\/www.fafard.ca\/fr\/trucs-de-jardinage\/potager\/quand-et-comment-planter-lail-au-potager\/#primaryimage"},"image":{"@id":"https:\/\/www.fafard.ca\/fr\/trucs-de-jardinage\/potager\/quand-et-comment-planter-lail-au-potager\/#primaryimage"},"thumbnailUrl":"https:\/\/www.fafard.ca\/wp-content\/uploads\/2020\/09\/shutterstock_647022685.jpg","datePublished":"2024-09-01T08:00:32+00:00","dateModified":"2026-02-27T17:03:37+00:00","author":{"@id":"https:\/\/www.fafard.ca\/#\/schema\/person\/d554fcb3f050be5a65c75e8b48e02613"},"description":"Faire pousser et r\u00e9colter des bulbes d\u2019ail, c\u2019est facile! D\u00e9couvrez nos astuces pour une plantation d\u2019ail r\u00e9ussie \u00e0 l\u2019automne comme au printemps.","breadcrumb":{"@id":"https:\/\/www.fafard.ca\/fr\/trucs-de-jardinage\/potager\/quand-et-comment-planter-lail-au-potager\/#breadcrumb"},"inLanguage":"fr-CA","potentialAction":[{"@type":"ReadAction","target":["https:\/\/www.fafard.ca\/fr\/trucs-de-jardinage\/potager\/quand-et-comment-planter-lail-au-potager\/"]}]},{"@type":"ImageObject","inLanguage":"fr-CA","@id":"https:\/\/www.fafard.ca\/fr\/trucs-de-jardinage\/potager\/quand-et-comment-planter-lail-au-potager\/#primaryimage","url":"https:\/\/www.fafard.ca\/wp-content\/uploads\/2020\/09\/shutterstock_647022685.jpg","contentUrl":"https:\/\/www.fafard.ca\/wp-content\/uploads\/2020\/09\/shutterstock_647022685.jpg","width":4368,"height":2912},{"@type":"BreadcrumbList","@id":"https:\/\/www.fafard.ca\/fr\/trucs-de-jardinage\/potager\/quand-et-comment-planter-lail-au-potager\/#breadcrumb","itemListElement":[{"@type":"ListItem","position":1,"name":"Home","item":"https:\/\/www.fafard.ca\/fr\/"},{"@type":"ListItem","position":2,"name":"Quand et comment planter l\u2019ail au potager?"}]},{"@type":"WebSite","@id":"https:\/\/www.fafard.ca\/#website","url":"https:\/\/www.fafard.ca\/","name":"Scotts Fafard","description":"Since 1940, the Fafard brand has risen to hold an enviable position in the horticulture industry.","potentialAction":[{"@type":"SearchAction","target":{"@type":"EntryPoint","urlTemplate":"https:\/\/www.fafard.ca\/?s={search_term_string}"},"query-input":{"@type":"PropertyValueSpecification","valueRequired":true,"valueName":"search_term_string"}}],"inLanguage":"fr-CA"},{"@type":"Person","@id":"https:\/\/www.fafard.ca\/#\/schema\/person\/d554fcb3f050be5a65c75e8b48e02613","name":"Genevi\u00e8ve Roy","image":{"@type":"ImageObject","inLanguage":"fr-CA","@id":"https:\/\/www.fafard.ca\/#\/schema\/person\/image\/","url":"https:\/\/secure.gravatar.com\/avatar\/bee073cc893f87f3e88a6971a04126807aded54afce7b95aa30b3d0b53f458b8?s=96&d=mm&r=g","contentUrl":"https:\/\/secure.gravatar.com\/avatar\/bee073cc893f87f3e88a6971a04126807aded54afce7b95aa30b3d0b53f458b8?s=96&d=mm&r=g","caption":"Genevi\u00e8ve Roy"}}]}},"_links":{"self":[{"href":"https:\/\/www.fafard.ca\/fr\/wp-json\/wp\/v2\/posts\/4060","targetHints":{"allow":["GET"]}}],"collection":[{"href":"https:\/\/www.fafard.ca\/fr\/wp-json\/wp\/v2\/posts"}],"about":[{"href":"https:\/\/www.fafard.ca\/fr\/wp-json\/wp\/v2\/types\/post"}],"author":[{"embeddable":true,"href":"https:\/\/www.fafard.ca\/fr\/wp-json\/wp\/v2\/users\/5"}],"replies":[{"embeddable":true,"href":"https:\/\/www.fafard.ca\/fr\/wp-json\/wp\/v2\/comments?post=4060"}],"version-history":[{"count":21,"href":"https:\/\/www.fafard.ca\/fr\/wp-json\/wp\/v2\/posts\/4060\/revisions"}],"predecessor-version":[{"id":8108,"href":"https:\/\/www.fafard.ca\/fr\/wp-json\/wp\/v2\/posts\/4060\/revisions\/8108"}],"wp:featuredmedia":[{"embeddable":true,"href":"https:\/\/www.fafard.ca\/fr\/wp-json\/wp\/v2\/media\/4061"}],"wp:attachment":[{"href":"https:\/\/www.fafard.ca\/fr\/wp-json\/wp\/v2\/media?parent=4060"}],"wp:term":[{"taxonomy":"category","embeddable":true,"href":"https:\/\/www.fafard.ca\/fr\/wp-json\/wp\/v2\/categories?post=4060"},{"taxonomy":"post_tag","embeddable":true,"href":"https:\/\/www.fafard.ca\/fr\/wp-json\/wp\/v2\/tags?post=4060"}],"curies":[{"name":"wp","href":"https:\/\/api.w.org\/{rel}","templated":true}]}}